{"id":771,"date":"2023-10-12T19:03:31","date_gmt":"2023-10-12T19:03:31","guid":{"rendered":"https:\/\/pharmakum.com\/?p=771"},"modified":"2023-10-13T09:25:59","modified_gmt":"2023-10-13T09:25:59","slug":"pharmakum-se-sumo-a-la-jornada-de-avisa-por-la-salud-de-los-animales","status":"publish","type":"post","link":"https:\/\/pharmakum.com\/index.php\/2023\/10\/12\/pharmakum-se-sumo-a-la-jornada-de-avisa-por-la-salud-de-los-animales\/","title":{"rendered":"Pharmakum se sum\u00f3 a la Jornada de AVISA por la salud de los animales"},"content":{"rendered":"<div class=\"wp-block-image\">\n<figure class=\"aligncenter size-large is-resized\"><img loading=\"lazy\" decoding=\"async\" width=\"1024\" height=\"536\" src=\"https:\/\/pharmakum.com\/wp-content\/uploads\/2023\/10\/pharmakum-participa-en-jornada-medio-veterinaria-de-avisa-1024x536.png\" alt=\"\" class=\"wp-image-773\" style=\"width:707px;height:370px\" srcset=\"https:\/\/pharmakum.com\/wp-content\/uploads\/2023\/10\/pharmakum-participa-en-jornada-medio-veterinaria-de-avisa-1024x536.png 1024w, https:\/\/pharmakum.com\/wp-content\/uploads\/2023\/10\/pharmakum-participa-en-jornada-medio-veterinaria-de-avisa-300x157.png 300w, https:\/\/pharmakum.com\/wp-content\/uploads\/2023\/10\/pharmakum-participa-en-jornada-medio-veterinaria-de-avisa-150x79.png 150w, https:\/\/pharmakum.com\/wp-content\/uploads\/2023\/10\/pharmakum-participa-en-jornada-medio-veterinaria-de-avisa-768x402.png 768w, https:\/\/pharmakum.com\/wp-content\/uploads\/2023\/10\/pharmakum-participa-en-jornada-medio-veterinaria-de-avisa-600x314.png 600w, https:\/\/pharmakum.com\/wp-content\/uploads\/2023\/10\/pharmakum-participa-en-jornada-medio-veterinaria-de-avisa.png 1200w\" sizes=\"auto, (max-width: 1024px) 100vw, 1024px\" \/><\/figure>\n<\/div>\n\n\n<p><\/p>\n\n\n\n<p>Desde <strong>Pharmakum<\/strong>, reafirmamos nuestro compromiso con <strong>la salud y el bienestar de los animales <\/strong>y celebramos la oportunidad de participar en la <strong>Actividad M\u00e9dico Veterinaria<\/strong> organizada por <strong>AVISA <\/strong>(Asociaci\u00f3n Venezolana de la Industria de Salud Animal). Este evento, que tuvo lugar en el Centro Comercial Paseo Estaci\u00f3n Central en Maracay, se convirti\u00f3 en una demostraci\u00f3n tangible de nuestro compromiso con esta causa.<\/p>\n\n\n\n<h2 class=\"wp-block-heading\">Casi 400 animales atendidos: un impacto significativo \ud83d\udc15\ud83d\udc08<\/h2>\n\n\n\n<p>Durante la jornada, diversos profesionales del sector veterinario se dedicaron a esta noble causa, brindando atenci\u00f3n y cuidados a las mascotas.&nbsp;<\/p>\n\n\n\n<p>El resultado fue la atenci\u00f3n de <strong>casi 400 animales de compa\u00f1\u00eda<\/strong>, lo que destaca el impacto significativo de la participaci\u00f3n masiva en este evento.<\/p>\n\n\n\n<h2 class=\"wp-block-heading\">Un d\u00eda llenos de momentos especiales \ud83c\udf89<\/h2>\n\n\n\n<p>La jornada estuvo llena de momentos conmovedores, donde tutores y sus amados animales de compa\u00f1\u00eda disfrutaron de diversos obsequios proporcionados por empresas afiliadas y AVISA, entre ellos la familia de Pharmakum.<\/p>\n\n\n\n<p>Seg\u00fan la doctora <strong>Mar\u00eda de los \u00c1ngeles Rivero<\/strong>, integrante de AVISA y miembro de la junta directa de Pharmakum, \u201cpara nosotros siempre ha sido una gran satisfacci\u00f3n participar en actividades con finalidad social, dirigidas a la comunidad de escasos recursos; lo cual es muy importante porque nos hace part\u00edcipes del control de enfermedades zoon\u00f3ticas y propiciamos el lema de la <strong>OMSA <\/strong>(Organizaci\u00f3n Mundial de Salud Animal): <em>Uno para todos, y una salud para todos<\/em>\u201d.<\/p>\n\n\n\n<h2 class=\"wp-block-heading\">Servicios de salud y concienciaci\u00f3n animal \ud83c\udfe5<\/h2>\n\n\n\n<p>Los servicios ofrecidos durante la jornada incluyeron:<\/p>\n\n\n\n<p>&#8211; Evaluaciones cl\u00ednicas veterinarias<\/p>\n\n\n\n<p>&#8211; Desparasitaci\u00f3n<\/p>\n\n\n\n<p>&#8211; Vacunaci\u00f3n antirr\u00e1bica cuando fue necesario<\/p>\n\n\n\n<p>&#8211; Corte de u\u00f1as enfocado en la salud<\/p>\n\n\n\n<p>&#8211; Limpieza de o\u00eddos con productos medicados<\/p>\n\n\n\n<p>&#8211; Curas no quir\u00fargicas<\/p>\n\n\n\n<p>&#8211; An\u00e1lisis de sangre prescritos por m\u00e9dicos veterinarios<\/p>\n\n\n\n<p>Este evento no solo proporcion\u00f3 servicios m\u00e9dicos a mascotas que a menudo carecen de acceso regular a atenci\u00f3n veterinaria, sino que tambi\u00e9n enfatiz\u00f3 <strong>la importancia de la conciencia sobre la responsabilidad de cuidar a los animales y la prevenci\u00f3n de enfermedades<\/strong>.<\/p>\n\n\n\n<h2 class=\"wp-block-heading\">Una misi\u00f3n que continuar\u00e1 \ud83d\udc9a<\/h2>\n\n\n\n<p>Pharmakum se enorgullece de su participaci\u00f3n en esta jornada y de haber contribuido al bienestar de las mascotas y sus tutores. Este \u00e9xito refuerza nuestra <strong>misi\u00f3n de velar por la salud y felicidad de todos los animales<\/strong>, y esperamos seguir siendo parte activa en futuras iniciativas que promuevan la alegr\u00eda y el bienestar en la comunidad.<\/p>\n\n\n\n<p>Nos sentimos orgullosos de formar parte de este significativo evento y esperamos seguir contribuyendo en futuras ocasiones. La salud y felicidad de las mascotas siempre estar\u00e1n en el centro de nuestro compromiso \ud83d\udc36\ud83d\udc31.&nbsp;<\/p>\n","protected":false},"excerpt":{"rendered":"<p>Pharmakum reafirma su compromiso con la salud animal al unirse a la Actividad M\u00e9dico Veterinaria de AVISA. El evento tuvo lugar en el Centro Comercial Paseo Estaci\u00f3n Central, Maracay, y subray\u00f3 nuestra dedicaci\u00f3n a esta noble causa.<\/p>\n","protected":false},"author":6,"featured_media":773,"comment_status":"closed","ping_status":"closed","sticky":false,"template":"","format":"standard","meta":{"footnotes":""},"categories":[34],"tags":[],"class_list":["post-771","post","type-post","status-publish","format-standard","has-post-thumbnail","hentry","category-eventos"],"_links":{"self":[{"href":"https:\/\/pharmakum.com\/index.php\/wp-json\/wp\/v2\/posts\/771","targetHints":{"allow":["GET"]}}],"collection":[{"href":"https:\/\/pharmakum.com\/index.php\/wp-json\/wp\/v2\/posts"}],"about":[{"href":"https:\/\/pharmakum.com\/index.php\/wp-json\/wp\/v2\/types\/post"}],"author":[{"embeddable":true,"href":"https:\/\/pharmakum.com\/index.php\/wp-json\/wp\/v2\/users\/6"}],"replies":[{"embeddable":true,"href":"https:\/\/pharmakum.com\/index.php\/wp-json\/wp\/v2\/comments?post=771"}],"version-history":[{"count":9,"href":"https:\/\/pharmakum.com\/index.php\/wp-json\/wp\/v2\/posts\/771\/revisions"}],"predecessor-version":[{"id":792,"href":"https:\/\/pharmakum.com\/index.php\/wp-json\/wp\/v2\/posts\/771\/revisions\/792"}],"wp:featuredmedia":[{"embeddable":true,"href":"https:\/\/pharmakum.com\/index.php\/wp-json\/wp\/v2\/media\/773"}],"wp:attachment":[{"href":"https:\/\/pharmakum.com\/index.php\/wp-json\/wp\/v2\/media?parent=771"}],"wp:term":[{"taxonomy":"category","embeddable":true,"href":"https:\/\/pharmakum.com\/index.php\/wp-json\/wp\/v2\/categories?post=771"},{"taxonomy":"post_tag","embeddable":true,"href":"https:\/\/pharmakum.com\/index.php\/wp-json\/wp\/v2\/tags?post=771"}],"curies":[{"name":"wp","href":"https:\/\/api.w.org\/{rel}","templated":true}]}}